{"id":863,"date":"2017-03-06T09:57:54","date_gmt":"2017-03-06T09:57:54","guid":{"rendered":"https:\/\/hotelespel.iptresd.com\/2017\/03\/06\/pack-avec-scalada-by-cirque-du-soleil\/"},"modified":"2024-08-26T11:45:14","modified_gmt":"2024-08-26T11:45:14","slug":"pack-avec-scalada-by-cirque-du-soleil","status":"publish","type":"post","link":"https:\/\/hotelespel.com\/fr\/blog\/pack-avec-scalada-by-cirque-du-soleil\/","title":{"rendered":"Pack avec Scalada by Cirque du Soleil!"},"content":{"rendered":"\n<p>Ils sont d\u00e9j\u00e0 disponibles sur notre site les packs avec entr\u00e9es pour deux personnes au nouveau spectacle Stelar de Scalada by Cirque du Soleil.<br\/>Pour plus de deux personnes et\/ou diff\u00e9rentes options, contactez-nous par t\u00e9l\u00e9phone ou par courrier \u00e9lectronique.<\/p>\n\n<figure class=\"wp-block-image size-full\"><img fetchpriority=\"high\" decoding=\"async\" width=\"842\" height=\"595\" src=\"https:\/\/hotelespel.com\/wp-content\/uploads\/2024\/07\/CDS-horitzontals-cat.jpg\" alt=\"\" class=\"wp-image-417\" srcset=\"https:\/\/hotelespel.com\/wp-content\/uploads\/2024\/07\/CDS-horitzontals-cat.jpg 842w, https:\/\/hotelespel.com\/wp-content\/uploads\/2024\/07\/CDS-horitzontals-cat-300x212.jpg 300w, https:\/\/hotelespel.com\/wp-content\/uploads\/2024\/07\/CDS-horitzontals-cat-768x543.jpg 768w\" sizes=\"(max-width: 842px) 100vw, 842px\" \/><\/figure>\n","protected":false},"excerpt":{"rendered":"<p>Ils sont d\u00e9j\u00e0 disponibles sur notre site les packs avec entr\u00e9es pour deux personnes au nouveau spectacle Stelar de Scalada by Cirque du Soleil.Pour plus de deux personnes et\/ou diff\u00e9rentes options, contactez-nous par t\u00e9l\u00e9phone ou par courrier \u00e9lectronique.<\/p>\n","protected":false},"author":1,"featured_media":669,"comment_status":"closed","ping_status":"closed","sticky":false,"template":"","format":"standard","meta":{"footnotes":""},"categories":[],"tags":[59,60,63,64,65,66,67,68,69],"class_list":["post-863","post","type-post","status-publish","format-standard","has-post-thumbnail","hentry","tag-andorra-fr","tag-andorra-cirque-du-soleil-fr","tag-cirque-du-soleil-fr","tag-cirque-du-soleil-scalada-fr","tag-julio-fr","tag-juliol-fr","tag-july-fr","tag-scalada-fr","tag-scalada-stelar-fr"],"_links":{"self":[{"href":"https:\/\/hotelespel.com\/fr\/wp-json\/wp\/v2\/posts\/863","targetHints":{"allow":["GET"]}}],"collection":[{"href":"https:\/\/hotelespel.com\/fr\/wp-json\/wp\/v2\/posts"}],"about":[{"href":"https:\/\/hotelespel.com\/fr\/wp-json\/wp\/v2\/types\/post"}],"author":[{"embeddable":true,"href":"https:\/\/hotelespel.com\/fr\/wp-json\/wp\/v2\/users\/1"}],"replies":[{"embeddable":true,"href":"https:\/\/hotelespel.com\/fr\/wp-json\/wp\/v2\/comments?post=863"}],"version-history":[{"count":0,"href":"https:\/\/hotelespel.com\/fr\/wp-json\/wp\/v2\/posts\/863\/revisions"}],"wp:featuredmedia":[{"embeddable":true,"href":"https:\/\/hotelespel.com\/fr\/wp-json\/wp\/v2\/media\/669"}],"wp:attachment":[{"href":"https:\/\/hotelespel.com\/fr\/wp-json\/wp\/v2\/media?parent=863"}],"wp:term":[{"taxonomy":"category","embeddable":true,"href":"https:\/\/hotelespel.com\/fr\/wp-json\/wp\/v2\/categories?post=863"},{"taxonomy":"post_tag","embeddable":true,"href":"https:\/\/hotelespel.com\/fr\/wp-json\/wp\/v2\/tags?post=863"}],"curies":[{"name":"wp","href":"https:\/\/api.w.org\/{rel}","templated":true}]}}